{"id":10458,"__str__":"Projeto de Lei Ordin\u00e1ria n\u00ba 161 de 2023","link_detail_backend":"/materia/10458","metadata":{},"numero":161,"ano":2023,"numero_protocolo":1603,"data_apresentacao":"2023-05-03","tipo_apresentacao":"","data_publicacao":null,"numero_origem_externa":"","ano_origem_externa":null,"data_origem_externa":null,"apelido":"","dias_prazo":null,"data_fim_prazo":null,"em_tramitacao":false,"polemica":false,"objeto":"","complementar":false,"ementa":"DISP\u00d5E SOBRE A IMPLEMENTA\u00c7\u00c3O DE SENHAS COM AVISOS SONOROS EM REPARTI\u00c7\u00d5ES P\u00daBLICAS PARA GARANTIR A INCLUS\u00c3O DAS PESSOAS COM DEFICI\u00caNCIA VISUAL NO \u00c2MBITO MUNICIPAL, E D\u00c1 OUTRAS PROVID\u00caNCIAS. PROJETO DE LEI N\u00b0 015/2023","indexacao":"","observacao":"","resultado":"","texto_original":"http://sapl.palmas.to.leg.br/media/sapl/public/materialegislativa/2023/10458/pl_15_avisos_sonoros_em_reparticoes_publicas.pdf","data_ultima_atualizacao":"2023-08-18T11:14:00.850778-03:00","ip":"177.126.90.193","ultima_edicao":"2023-05-04T09:54:51.460851-03:00","tipo":4,"regime_tramitacao":1,"tipo_origem_externa":null,"local_origem_externa":null,"user":29,"anexadas":[],"autores":[36]}