{"id":10997,"__str__":"Requerimento n\u00ba 2841 de 2023","link_detail_backend":"/materia/10997","metadata":{},"numero":2841,"ano":2023,"numero_protocolo":2142,"data_apresentacao":"2023-06-07","tipo_apresentacao":"","data_publicacao":null,"numero_origem_externa":"","ano_origem_externa":null,"data_origem_externa":null,"apelido":"","dias_prazo":null,"data_fim_prazo":null,"em_tramitacao":false,"polemica":false,"objeto":"","complementar":false,"ementa":"Requer, ouvido o plen\u00e1rio, que seja solicitado a chefe do Poder Executivo Municipal, para que atrav\u00e9s da Secretaria Municipal de Desenvolvimento Social venha Implantar um Centro de Refer\u00eancia de Assist\u00eancia Social \u2013 CRAS, no setor Flamboyant I, no Munic\u00edpio de Palmas.","indexacao":"","observacao":"","resultado":"","texto_original":"http://sapl.palmas.to.leg.br/media/sapl/public/materialegislativa/2023/10997/requerimento_141.pdf","data_ultima_atualizacao":"2023-08-01T12:03:37.294516-03:00","ip":"177.126.90.193","ultima_edicao":"2023-06-12T09:48:03.115367-03:00","tipo":1,"regime_tramitacao":1,"tipo_origem_externa":null,"local_origem_externa":null,"user":82,"anexadas":[],"autores":[37]}