{"id":13098,"__str__":"Projeto de Lei Ordin\u00e1ria n\u00ba 588 de 2023","link_detail_backend":"/materia/13098","metadata":{},"numero":588,"ano":2023,"numero_protocolo":4220,"data_apresentacao":"2023-08-15","tipo_apresentacao":"","data_publicacao":null,"numero_origem_externa":"","ano_origem_externa":null,"data_origem_externa":null,"apelido":"","dias_prazo":null,"data_fim_prazo":null,"em_tramitacao":true,"polemica":false,"objeto":"","complementar":false,"ementa":"DISP\u00d5E SOBRE A INSER\u00c7\u00c3O DE TEXTOS REFERENTES AOS DIREITOS DA CRIAN\u00c7A E DO ADOLESCENTE EM IMPRESSOS EMITIDOS POR \u00d3RG\u00c3OS DO PODER EXECUTIVO DO MUNIC\u00cdPIO E D\u00c1 OUTRAS PROVID\u00caNCIAS. PROJETO DE LEI N\u00ba 119/2023","indexacao":"","observacao":"","resultado":"","texto_original":"http://sapl.palmas.to.leg.br/media/sapl/public/materialegislativa/2023/13098/pl_119_-_insercao_de_textos_referentes_aos_direitos_.pdf","data_ultima_atualizacao":"2023-08-18T12:44:06.076286-03:00","ip":"177.126.88.130","ultima_edicao":"2023-08-18T12:43:34.293202-03:00","tipo":4,"regime_tramitacao":1,"tipo_origem_externa":null,"local_origem_externa":null,"user":83,"anexadas":[],"autores":[36]}