{"id":14120,"__str__":"Requerimento n\u00ba 5775 de 2023","link_detail_backend":"/materia/14120","metadata":{},"numero":5775,"ano":2023,"numero_protocolo":5234,"data_apresentacao":"2023-10-03","tipo_apresentacao":"","data_publicacao":null,"numero_origem_externa":"","ano_origem_externa":null,"data_origem_externa":null,"apelido":"","dias_prazo":null,"data_fim_prazo":null,"em_tramitacao":false,"polemica":false,"objeto":"","complementar":false,"ementa":"REQUER \u00c0 CHEFE DO PODER EXECUTIVO MUNICIPAL, QUE SEJA REALIZADA EM CAR\u00c1TER DE URG\u00caNCIA SESS\u00c3O SOLENE NO DIA 18 DE OUTUBRO DE 2023 EM COMEMORA\u00c7\u00c3O AO DIA DO M\u00c9DICO.","indexacao":"","observacao":"","resultado":"","texto_original":"http://sapl.palmas.to.leg.br/media/sapl/public/materialegislativa/2023/14120/req.499_2023.pdf","data_ultima_atualizacao":"2023-10-17T15:48:43.362353-03:00","ip":"177.126.88.130","ultima_edicao":"2023-10-16T13:19:06.075074-03:00","tipo":1,"regime_tramitacao":1,"tipo_origem_externa":null,"local_origem_externa":null,"user":71,"anexadas":[],"autores":[63]}