{"id":16697,"__str__":"Requerimento n\u00ba 2342 de 2023","link_detail_backend":"/materia/16697","metadata":{},"numero":2342,"ano":2023,"numero_protocolo":683,"data_apresentacao":"2023-05-17","tipo_apresentacao":"","data_publicacao":null,"numero_origem_externa":"","ano_origem_externa":null,"data_origem_externa":null,"apelido":"","dias_prazo":null,"data_fim_prazo":null,"em_tramitacao":false,"polemica":false,"objeto":"","complementar":false,"ementa":"Requer a Chefe do Poder Executivo Municipal, atrav\u00e9s da Secretaria Municipal de Infraestrutura e Servi\u00e7os P\u00fablicos, a revitaliza\u00e7\u00e3o da Pra\u00e7a da Buritirana.","indexacao":"","observacao":"","resultado":"","texto_original":"http://sapl.palmas.to.leg.br/media/sapl/public/materialegislativa/2024/16697/ccf_000114.pdf","data_ultima_atualizacao":"2024-02-22T08:44:42.731066-03:00","ip":"177.126.88.130","ultima_edicao":"2024-02-22T08:44:17.626914-03:00","tipo":1,"regime_tramitacao":1,"tipo_origem_externa":null,"local_origem_externa":null,"user":75,"anexadas":[],"autores":[11]}