{"id":1893,"__str__":"Requerimento n\u00ba 2700 de 2021","link_detail_backend":"/materia/1893","metadata":{},"numero":2700,"ano":2021,"numero_protocolo":1663,"data_apresentacao":"2021-11-04","tipo_apresentacao":"","data_publicacao":null,"numero_origem_externa":"","ano_origem_externa":null,"data_origem_externa":null,"apelido":"","dias_prazo":null,"data_fim_prazo":null,"em_tramitacao":false,"polemica":false,"objeto":"","complementar":false,"ementa":"REQUER, NA FORMA REGIMENTAL E OUVIDO O PLEN\u00c1RIO, ENCAMINHAR \u00c0 CHEFE DO PODER EXECUTIVO MUNICIPAL, SOLICITA\u00c7\u00c3O DE REFORMA NOS ESTACIONAMENTOS DA AVENIDA PALMAS BRASIL NORTE, NESTA CAPITAL.","indexacao":"","observacao":"","resultado":"","texto_original":"http://sapl.palmas.to.leg.br/media/sapl/public/materialegislativa/2021/1893/requerimento_169_2021_-_solicita_a_reforma_dos_estacionamentos_da_avenida_palmas_brasil_norte.doc","data_ultima_atualizacao":"2021-11-17T08:58:24.143016-03:00","ip":"177.126.90.193","ultima_edicao":"2021-11-04T11:41:18.854323-03:00","tipo":1,"regime_tramitacao":1,"tipo_origem_externa":null,"local_origem_externa":null,"user":71,"anexadas":[],"autores":[31]}