{"id":266,"__str__":"Projeto de Lei Ordin\u00e1ria n\u00ba 173 de 2021","link_detail_backend":"/materia/266","metadata":{},"numero":173,"ano":2021,"numero_protocolo":38,"data_apresentacao":"2021-08-03","tipo_apresentacao":"E","data_publicacao":null,"numero_origem_externa":"","ano_origem_externa":null,"data_origem_externa":null,"apelido":"","dias_prazo":null,"data_fim_prazo":null,"em_tramitacao":false,"polemica":false,"objeto":"","complementar":false,"ementa":"Institui o \"Dia Municipal de Conscientiza\u00e7\u00e3o Sobre Vitiligo\" no Calend\u00e1rio Oficial do munic\u00edpio de Palmas e d\u00e1 outras provid\u00eancias.","indexacao":"","observacao":"processo 200/2021","resultado":"","texto_original":"http://sapl.palmas.to.leg.br/media/sapl/public/materialegislativa/2021/266/pl_29-2021_-_dia_municipal_de_conscientizacao_sobre_o_vitiligo.docx","data_ultima_atualizacao":"2021-11-29T11:28:04.197639-03:00","ip":"177.126.88.130","ultima_edicao":"2021-08-03T15:56:06.117553-03:00","tipo":4,"regime_tramitacao":1,"tipo_origem_externa":null,"local_origem_externa":null,"user":22,"anexadas":[],"autores":[40]}