{"id":9738,"__str__":"Requerimento n\u00ba 261 de 2023","link_detail_backend":"/materia/9738","metadata":{},"numero":261,"ano":2023,"numero_protocolo":883,"data_apresentacao":"2023-02-09","tipo_apresentacao":"","data_publicacao":null,"numero_origem_externa":"","ano_origem_externa":null,"data_origem_externa":null,"apelido":"","dias_prazo":null,"data_fim_prazo":null,"em_tramitacao":false,"polemica":false,"objeto":"","complementar":false,"ementa":"REQUER, OUVIDO O PLEN\u00c1RIO, \u00c0 CHEFE DO PODER EXECUTIVO DE PALMAS, BEM COMO A SECRETARIA MUNICIPAL DE INFRAESTRUTURA E SERVI\u00c7OS P\u00daBLICOS, A DISPONIBILIZA\u00c7\u00c3O DE CONT\u00caINER E A MANUTEN\u00c7\u00c3O DA ILUMINA\u00c7\u00c3O P\u00daBLICA NO CANTEIRO CENTRAL DA AVENIDA GUARUJ\u00c1 LOCALIZADA NO SETOR MARIA ROSA","indexacao":"","observacao":"","resultado":"","texto_original":"http://sapl.palmas.to.leg.br/media/sapl/public/materialegislativa/2023/9738/07_1.pdf","data_ultima_atualizacao":"2023-04-17T08:19:55.173872-03:00","ip":"177.126.90.193","ultima_edicao":"2023-03-20T12:19:43.948902-03:00","tipo":1,"regime_tramitacao":1,"tipo_origem_externa":null,"local_origem_externa":null,"user":29,"anexadas":[],"autores":[30]}