{"id":3114,"__str__":"Projeto de Lei Ordin\u00e1ria n\u00ba 36 de 2022 | Aguardando Reuni\u00e3o da Comiss\u00e3o para Distribui\u00e7\u00e3o | 14/02/2022","link_detail_backend":"/materia/tramitacao/3114","metadata":{},"timestamp":"2022-03-15T08:47:13.853350-03:00","data_tramitacao":"2022-02-14","data_encaminhamento":null,"urgente":false,"turno":"","texto":"PROCESSO N\u00ba 46/2022 \u2013 Projeto de Lei n\u00ba 36, de 09/02/2022\r\nAUTOR: Vereador Mauro Lacerda\r\nASSUNTO: Institui no calend\u00e1rio oficial de eventos do munic\u00edpio de Palmas a \u201cSemana de Conscientiza\u00e7\u00e3o sobre a S\u00edndrome de Rett\u201d.\r\n11.02.22 \u2013 Adentrou \u00e0s Comiss\u00f5es","data_fim_prazo":null,"ip":"177.126.90.193","ultima_edicao":"2022-03-15T08:47:00.986923-03:00","status":19,"materia":3314,"unidade_tramitacao_local":15,"unidade_tramitacao_destino":8,"user":74}