{"id":7410,"__str__":"Projeto de Lei Ordin\u00e1ria n\u00ba 264 de 2021 | Enviado \u00e0 Superintend\u00eancia Legislativa para provid\u00eancias | 31/08/2022","link_detail_backend":"/materia/tramitacao/7410","metadata":{},"timestamp":"2022-09-05T09:28:14.393823-03:00","data_tramitacao":"2022-08-31","data_encaminhamento":null,"urgente":false,"turno":"","texto":"PROCESSO N\u00ba 302/2021 \u2013 Projeto de Lei n\u00ba 264, de 14/09/2021\r\nAUTOR: Vereador Eudes Assis    \r\nASSUNTO: Disp\u00f5e sobre a exibi\u00e7\u00e3o de v\u00eddeos explicativos sobre o sistema de sa\u00fade na rede de sa\u00fade municipal e d\u00e1 outras provid\u00eancias.\r\n15.09.21 \u2013 Adentrou \u00e0s Comiss\u00f5es\r\n21.09.21 \u2013 Distribu\u00eddo na CCJR (Professora Iolanda Castro)\r\nOBS: Parecer da relatora pelo Arquivo","data_fim_prazo":null,"ip":"177.126.90.193","ultima_edicao":"2022-09-05T09:27:59.828796-03:00","status":38,"materia":1269,"unidade_tramitacao_local":8,"unidade_tramitacao_destino":11,"user":74}