{"id":743,"__str__":"Projeto de Lei Ordin\u00e1ria n\u00ba 60 de 2021 | Enviado \u00e0 Ger\u00eancia de Suporte Legislativo para Provid\u00eancias | 27/10/2021","link_detail_backend":"/materia/tramitacao/743","metadata":{},"timestamp":"2021-10-27T15:00:48.760280-03:00","data_tramitacao":"2021-10-27","data_encaminhamento":null,"urgente":false,"turno":"","texto":"PROCESSO N\u00ba 69/2021 \u2013 Projeto de Lei n\u00ba 60, de 20/04/2021\r\nAUTORA: Vereadora Professora Janad Valcari \r\nASSUNTO: Disp\u00f5e da cria\u00e7\u00e3o de Pol\u00edticas P\u00fablicas voltadas \u00e0 preven\u00e7\u00e3o e conscientiza\u00e7\u00e3o do combate ao abuso sexual e explora\u00e7\u00e3o das crian\u00e7as e adolescentes nas escolas de Palmas com o projeto \u201cEscola Protetora\u201d.\r\n27.04.21 \u2013 Adentrou \u00e0s Comiss\u00f5es\r\n27.04.21 \u2013 Distribu\u00eddo na CCJR (Eudes Assis)\r\n28.04.21 \u2013 Procuradoria \r\n08.06.21 \u2013 Aprovado na CCJR\r\n15.06.21 \u2013 Distribu\u00eddo na Comiss\u00e3o de Pol\u00edticas P\u00fablicas Sociais (Ver. Filipe Martins)\r\n01.09.21 \u2013 Aprovado na Comiss\u00e3o de Pol\u00edticas P\u00fablicas\r\n02.09.21 \u2013 Remetido \u00e0 Superintend\u00eancia Legislativa","data_fim_prazo":null,"ip":"177.126.90.193","ultima_edicao":"2021-10-27T14:59:57.204686-03:00","status":27,"materia":1641,"unidade_tramitacao_local":12,"unidade_tramitacao_destino":11,"user":66}